{"id":562,"date":"2022-07-10T20:46:13","date_gmt":"2022-07-10T18:46:13","guid":{"rendered":"https:\/\/hv-aue.de\/hv\/?p=562"},"modified":"2022-07-10T20:51:44","modified_gmt":"2022-07-10T18:51:44","slug":"20-07-22-jahreshauptversammlung-anschl-vortrag-vorsorgevollmacht-betreuungs-und-patientenverfuegung","status":"publish","type":"post","link":"https:\/\/hv-aue.de\/hv\/2022\/07\/10\/20-07-22-jahreshauptversammlung-anschl-vortrag-vorsorgevollmacht-betreuungs-und-patientenverfuegung\/","title":{"rendered":"20.07.22 &#8211; Jahreshauptversammlung anschl. Vortrag Vorsorgevollmacht, Betreuungs- und Patientenverf\u00fcgung"},"content":{"rendered":"<h1><strong><span style=\"font-size: 32px;\">Jahreshauptversammlung des Vereins 17:30 Uhr mit anschlie\u00dfendem Vortrag ab 19:00 Uhr<\/span><\/strong><\/h1>\n<h1>Vorsorgevollmacht, Betreuungs- und Patientenverf\u00fcgung<\/h1>\n<p>Viele Menschen sind nicht mehr in der Lage, ihre Angelegenheiten eigenst\u00e4ndig zu regeln. Was passiert in solchen F\u00e4llen? Worauf sollte man fr\u00fchzeitig achten?<\/p>\n<p><strong>Referent<\/strong>: Marius Schwarz, Leiter DRK Betreuungsverein Karlsruhe-Stadt e.V.<\/p>\n<p><strong>Vortragsdatum<br \/>\n<\/strong>20.07.2022, Beginn um 19:00 Uhr<\/p>\n<p><div id='kosten' class='widgets_on_page wop_tiny1  wop_small1  wop_medium1  wop_large1  wop_wide1'>\n\t\t\t<ul><li id=\"custom_html-4\" class=\"widget_text widget widget_custom_html\"><div class=\"textwidget custom-html-widget\"><b>Kosten<\/b><br>\r\nG\u00e4ste EUR 5,00<br\/>\r\nMitglieder frei<br\/>\r\nEine Anmeldung zum Vortrag ist nicht erforderlich.<\/div><\/li><\/ul><\/div><!-- widgets_on_page --><br \/>\n<div id='raum' class='widgets_on_page wop_tiny1  wop_small1  wop_medium1  wop_large1  wop_wide1'>\n\t\t\t<ul><li id=\"custom_html-5\" class=\"widget_text widget widget_custom_html\"><div class=\"textwidget custom-html-widget\"><b>Veranstaltungsort f\u00fcr alle Vortr\u00e4ge<\/b><br>\r\nGro\u00dfe Gemeindesaal der evangelischen <br>\r\nTrinitatisgemeinde in Durlach Aue<br>\r\nBr\u00fchlstra\u00dfe 37 d<br>\r\n76227 Karlsruhe-Durlach-Aue<br>\r\n<br><br>\r\nDer Eingang zum Gemeindesaal ist rechts neben der Kirche. Der Zugang ist barrierefrei. Der Saal ist sehr gro\u00df, so dass selbst 50 Zuh\u00f6rende mit gro\u00dfem Abstand sitzen k\u00f6nnen.<\/div><\/li><\/ul><\/div><!-- widgets_on_page --><br \/>\n<div id='anfahrt' class='widgets_on_page wop_tiny1  wop_small1  wop_medium1  wop_large1  wop_wide1'>\n\t\t\t<ul><li id=\"custom_html-6\" class=\"widget_text widget widget_custom_html\"><div class=\"textwidget custom-html-widget\"><b>Anreise mit der Stra\u00dfenbahn<\/b>\r\nBis Durlach, Steierm\u00e4rker Str., Dr. Willmar Schwabe, dann zu Fuss \u00fcber Schindweg und Br\u00fchlstr. (ca.7min Fu\u00dfweg)<br>\r\n<strong>Anreise mit dem Auto<\/strong>\r\n<a href=\"https:\/\/goo.gl\/maps\/nxV3T8erm1x8dgWt9\" target=\"_blank\">Ansicht hier.<\/a> (Bei Klick verlassen Sie diese Seite und gelangen zu Google Maps.)<br>\r\n\r\n<\/div><\/li><\/ul><\/div><!-- widgets_on_page --><\/p>\n","protected":false},"excerpt":{"rendered":"<p>Jahreshauptversammlung des Vereins 17:30 Uhr mit anschlie\u00dfendem Vortrag ab 19:00 Uhr Vorsorgevollmacht, Betreuungs- und Patientenverf\u00fcgung Viele Menschen sind nicht mehr in der Lage, ihre Angelegenheiten eigenst\u00e4ndig zu regeln. Was passiert in solchen F\u00e4llen? Worauf sollte man fr\u00fchzeitig achten? Referent: Marius Schwarz, Leiter DRK Betreuungsverein Karlsruhe-Stadt e.V. Vortragsdatum 20.07.2022, Beginn um 19:00 Uhr<\/p>\n","protected":false},"author":1,"featured_media":0,"comment_status":"closed","ping_status":"closed","sticky":false,"template":"","format":"standard","meta":{"footnotes":""},"categories":[1],"tags":[],"class_list":{"0":"post-562","1":"post","2":"type-post","3":"status-publish","4":"format-standard","6":"category-allgemein"},"_links":{"self":[{"href":"https:\/\/hv-aue.de\/hv\/wp-json\/wp\/v2\/posts\/562","targetHints":{"allow":["GET"]}}],"collection":[{"href":"https:\/\/hv-aue.de\/hv\/wp-json\/wp\/v2\/posts"}],"about":[{"href":"https:\/\/hv-aue.de\/hv\/wp-json\/wp\/v2\/types\/post"}],"author":[{"embeddable":true,"href":"https:\/\/hv-aue.de\/hv\/wp-json\/wp\/v2\/users\/1"}],"replies":[{"embeddable":true,"href":"https:\/\/hv-aue.de\/hv\/wp-json\/wp\/v2\/comments?post=562"}],"version-history":[{"count":3,"href":"https:\/\/hv-aue.de\/hv\/wp-json\/wp\/v2\/posts\/562\/revisions"}],"predecessor-version":[{"id":565,"href":"https:\/\/hv-aue.de\/hv\/wp-json\/wp\/v2\/posts\/562\/revisions\/565"}],"wp:attachment":[{"href":"https:\/\/hv-aue.de\/hv\/wp-json\/wp\/v2\/media?parent=562"}],"wp:term":[{"taxonomy":"category","embeddable":true,"href":"https:\/\/hv-aue.de\/hv\/wp-json\/wp\/v2\/categories?post=562"},{"taxonomy":"post_tag","embeddable":true,"href":"https:\/\/hv-aue.de\/hv\/wp-json\/wp\/v2\/tags?post=562"}],"curies":[{"name":"wp","href":"https:\/\/api.w.org\/{rel}","templated":true}]}}