{"id":544,"date":"2022-06-19T22:26:22","date_gmt":"2022-06-19T20:26:22","guid":{"rendered":"https:\/\/hv-aue.de\/hv\/?p=544"},"modified":"2022-06-19T22:48:06","modified_gmt":"2022-06-19T20:48:06","slug":"29-06-22-post-covid-syndrom-naturheilkundlich-behandeln","status":"publish","type":"post","link":"https:\/\/hv-aue.de\/hv\/2022\/06\/19\/29-06-22-post-covid-syndrom-naturheilkundlich-behandeln\/","title":{"rendered":"29.06.22 &#8211; Post-Covid-Syndrom naturheilkundlich behandeln"},"content":{"rendered":"<h1>Post-Covid-Syndrom naturheilkundlich behandeln<\/h1>\n<p>F\u00fcr die h\u00e4ufig auftretenden Symptome nach einer Covid-Erkrankung (wie u. a. Kurzatmigkeit, Haarausfall, Geschmacksst\u00f6rungen, Muskelzuckungen) bieten sowohl pflanzliche als auch hom\u00f6opathische Einzel- und Komplexmittel, Vitamine und Aminos\u00e4uren eine Vielfalt an individuellen Therapiem\u00f6glichkeiten.<br \/>\n<strong>Referentin<\/strong>: <i>Rita Hilcher, Heilpraktikerin<\/i><\/p>\n<p><strong>Vortragsdatum<br \/>\n<\/strong>29.06.2022, Beginn um 19:00 Uhr<\/p>\n<p><div id='kosten' class='widgets_on_page wop_tiny1  wop_small1  wop_medium1  wop_large1  wop_wide1'>\n\t\t\t<ul><li id=\"custom_html-4\" class=\"widget_text widget widget_custom_html\"><div class=\"textwidget custom-html-widget\"><b>Kosten<\/b><br>\r\nG\u00e4ste EUR 5,00<br\/>\r\nMitglieder frei<br\/>\r\nEine Anmeldung zum Vortrag ist nicht erforderlich.<\/div><\/li><\/ul><\/div><!-- widgets_on_page --><br \/>\n<div id='raum' class='widgets_on_page wop_tiny1  wop_small1  wop_medium1  wop_large1  wop_wide1'>\n\t\t\t<ul><li id=\"custom_html-5\" class=\"widget_text widget widget_custom_html\"><div class=\"textwidget custom-html-widget\"><b>Veranstaltungsort f\u00fcr alle Vortr\u00e4ge<\/b><br>\r\nGro\u00dfe Gemeindesaal der evangelischen <br>\r\nTrinitatisgemeinde in Durlach Aue<br>\r\nBr\u00fchlstra\u00dfe 37 d<br>\r\n76227 Karlsruhe-Durlach-Aue<br>\r\n<br><br>\r\nDer Eingang zum Gemeindesaal ist rechts neben der Kirche. Der Zugang ist barrierefrei. Der Saal ist sehr gro\u00df, so dass selbst 50 Zuh\u00f6rende mit gro\u00dfem Abstand sitzen k\u00f6nnen.<\/div><\/li><\/ul><\/div><!-- widgets_on_page --><br \/>\n<div id='anfahrt' class='widgets_on_page wop_tiny1  wop_small1  wop_medium1  wop_large1  wop_wide1'>\n\t\t\t<ul><li id=\"custom_html-6\" class=\"widget_text widget widget_custom_html\"><div class=\"textwidget custom-html-widget\"><b>Anreise mit der Stra\u00dfenbahn<\/b>\r\nBis Durlach, Steierm\u00e4rker Str., Dr. Willmar Schwabe, dann zu Fuss \u00fcber Schindweg und Br\u00fchlstr. (ca.7min Fu\u00dfweg)<br>\r\n<strong>Anreise mit dem Auto<\/strong>\r\n<a href=\"https:\/\/goo.gl\/maps\/nxV3T8erm1x8dgWt9\" target=\"_blank\">Ansicht hier.<\/a> (Bei Klick verlassen Sie diese Seite und gelangen zu Google Maps.)<br>\r\n\r\n<\/div><\/li><\/ul><\/div><!-- widgets_on_page --><\/p>\n","protected":false},"excerpt":{"rendered":"<p>Post-Covid-Syndrom naturheilkundlich behandeln F\u00fcr die h\u00e4ufig auftretenden Symptome nach einer Covid-Erkrankung (wie u. a. Kurzatmigkeit, Haarausfall, Geschmacksst\u00f6rungen, Muskelzuckungen) bieten sowohl pflanzliche als auch hom\u00f6opathische Einzel- und Komplexmittel, Vitamine und Aminos\u00e4uren eine Vielfalt an individuellen Therapiem\u00f6glichkeiten. Referentin: Rita Hilcher, Heilpraktikerin Vortragsdatum 29.06.2022, Beginn um 19:00 Uhr<\/p>\n","protected":false},"author":1,"featured_media":0,"comment_status":"closed","ping_status":"closed","sticky":false,"template":"","format":"standard","meta":{"footnotes":""},"categories":[1],"tags":[],"class_list":{"0":"post-544","1":"post","2":"type-post","3":"status-publish","4":"format-standard","6":"category-allgemein"},"_links":{"self":[{"href":"https:\/\/hv-aue.de\/hv\/wp-json\/wp\/v2\/posts\/544","targetHints":{"allow":["GET"]}}],"collection":[{"href":"https:\/\/hv-aue.de\/hv\/wp-json\/wp\/v2\/posts"}],"about":[{"href":"https:\/\/hv-aue.de\/hv\/wp-json\/wp\/v2\/types\/post"}],"author":[{"embeddable":true,"href":"https:\/\/hv-aue.de\/hv\/wp-json\/wp\/v2\/users\/1"}],"replies":[{"embeddable":true,"href":"https:\/\/hv-aue.de\/hv\/wp-json\/wp\/v2\/comments?post=544"}],"version-history":[{"count":6,"href":"https:\/\/hv-aue.de\/hv\/wp-json\/wp\/v2\/posts\/544\/revisions"}],"predecessor-version":[{"id":560,"href":"https:\/\/hv-aue.de\/hv\/wp-json\/wp\/v2\/posts\/544\/revisions\/560"}],"wp:attachment":[{"href":"https:\/\/hv-aue.de\/hv\/wp-json\/wp\/v2\/media?parent=544"}],"wp:term":[{"taxonomy":"category","embeddable":true,"href":"https:\/\/hv-aue.de\/hv\/wp-json\/wp\/v2\/categories?post=544"},{"taxonomy":"post_tag","embeddable":true,"href":"https:\/\/hv-aue.de\/hv\/wp-json\/wp\/v2\/tags?post=544"}],"curies":[{"name":"wp","href":"https:\/\/api.w.org\/{rel}","templated":true}]}}